{"id":1765,"date":"2025-01-09T14:32:39","date_gmt":"2025-01-09T12:32:39","guid":{"rendered":"https:\/\/fotoklub-kamnik.si\/?p=1765"},"modified":"2025-02-02T19:05:23","modified_gmt":"2025-02-02T17:05:23","slug":"gregor-novak-skratek","status":"publish","type":"post","link":"https:\/\/fotoklub-kamnik.si\/en\/gregor-novak-skratek\/","title":{"rendered":"Gregor Novak \u2013 Short"},"content":{"rendered":"<p><img loading=\"lazy\" decoding=\"async\" class=\"alignnone size-full wp-image-1766\" src=\"https:\/\/fotoklub-kamnik.si\/wp-content\/uploads\/LUCKE-08.jpg\" alt=\"Fotografija pal\u010dka plesne \u0161ole \u0160in\u0161in na prireditvi Lu\u010di pravlji\u010dne \u0160utne, 13. december 2024\" width=\"1200\" height=\"800\" srcset=\"https:\/\/fotoklub-kamnik.si\/wp-content\/uploads\/LUCKE-08.jpg 1200w, https:\/\/fotoklub-kamnik.si\/wp-content\/uploads\/LUCKE-08-300x200.jpg 300w, https:\/\/fotoklub-kamnik.si\/wp-content\/uploads\/LUCKE-08-1024x683.jpg 1024w, https:\/\/fotoklub-kamnik.si\/wp-content\/uploads\/LUCKE-08-18x12.jpg 18w, https:\/\/fotoklub-kamnik.si\/wp-content\/uploads\/LUCKE-08-570x380.jpg 570w\" sizes=\"auto, (max-width: 1200px) 100vw, 1200px\" \/><\/p>\n<p>During the pre-holiday period, the old town of Kamnik was visited by snow princesses accompanied by magic elves. I went to take photos with my Canon R7 camera, on which I mounted the RF 28-70mm f\/2 L USM lens. The lighting conditions were very challenging, especially for my little Canon.<\/p>\n<p>During the procession, I noticed one of the \u201celves\u201d dancing with a lighted ball for the rest of the procession. The predominant color of the LED lights that made up the elf costumes made a nice contrast to the warm white of the lights that lit the balls. So I followed the procession and waited for the dancer to turn to me. When she noticed me, she raised the ball, and I took about 20 photos.<\/p>\n<p>Due to the low light, I raised the ISO to 2500 and the aperture to 2, which is the limit of this lens. As a result, the photo is grainier than I would have liked, and the depth of field is a little too shallow. Unfortunately, with the available light and equipment, I was unable to achieve a better result, and using a flash would have ruined the shot. With these settings, I managed to achieve a shutter speed of 1\/160 second. Later, I only processed the photo minimally. First, I cropped it so that the subject was closer to the center, straightened the photo slightly, and corrected the brightness and colors.<\/p>\n<p>The event was also photographed by our member Miro Hrkalovi\u0107, whose photos are published on <a href=\"https:\/\/www.kamnik.si\/objava\/1029332\" target=\"_blank\" rel=\"noopener\">this address<\/a>The photo of the month for December 2024 was selected by members present at the club meeting on Wednesday, January 8, 2025. You can view all participating photos at <a href=\"https:\/\/link.shutterfly.com\/8KT0c1aRZPb\" target=\"_blank\" rel=\"noopener\">this address<\/a>.<\/p>","protected":false},"excerpt":{"rendered":"<p>V predprazni\u010dnem \u010dasu so staro mestno jedro Kamnika obiskale sne\u017ene princese v spremstvu \u010darobnih pal\u010dkov. Na fotografiranje sem se odpravil s svojim Canon R7 fotoaparatom, na katerega sem namestil objektiv [&hellip;]<\/p>\n","protected":false},"author":8,"featured_media":1766,"comment_status":"open","ping_status":"open","sticky":false,"template":"","format":"image","meta":{"_exactmetrics_skip_tracking":false,"_exactmetrics_sitenote_active":false,"_exactmetrics_sitenote_note":"","_exactmetrics_sitenote_category":0,"footnotes":""},"categories":[32],"tags":[],"class_list":{"0":"post-1765","1":"post","2":"type-post","3":"status-publish","4":"format-image","5":"has-post-thumbnail","7":"category-foto-meseca","8":"post_format-post-format-image","9":"czr-hentry"},"_links":{"self":[{"href":"https:\/\/fotoklub-kamnik.si\/en\/wp-json\/wp\/v2\/posts\/1765","targetHints":{"allow":["GET"]}}],"collection":[{"href":"https:\/\/fotoklub-kamnik.si\/en\/wp-json\/wp\/v2\/posts"}],"about":[{"href":"https:\/\/fotoklub-kamnik.si\/en\/wp-json\/wp\/v2\/types\/post"}],"author":[{"embeddable":true,"href":"https:\/\/fotoklub-kamnik.si\/en\/wp-json\/wp\/v2\/users\/8"}],"replies":[{"embeddable":true,"href":"https:\/\/fotoklub-kamnik.si\/en\/wp-json\/wp\/v2\/comments?post=1765"}],"version-history":[{"count":7,"href":"https:\/\/fotoklub-kamnik.si\/en\/wp-json\/wp\/v2\/posts\/1765\/revisions"}],"predecessor-version":[{"id":1782,"href":"https:\/\/fotoklub-kamnik.si\/en\/wp-json\/wp\/v2\/posts\/1765\/revisions\/1782"}],"wp:featuredmedia":[{"embeddable":true,"href":"https:\/\/fotoklub-kamnik.si\/en\/wp-json\/wp\/v2\/media\/1766"}],"wp:attachment":[{"href":"https:\/\/fotoklub-kamnik.si\/en\/wp-json\/wp\/v2\/media?parent=1765"}],"wp:term":[{"taxonomy":"category","embeddable":true,"href":"https:\/\/fotoklub-kamnik.si\/en\/wp-json\/wp\/v2\/categories?post=1765"},{"taxonomy":"post_tag","embeddable":true,"href":"https:\/\/fotoklub-kamnik.si\/en\/wp-json\/wp\/v2\/tags?post=1765"}],"curies":[{"name":"wp","href":"https:\/\/api.w.org\/{rel}","templated":true}]}}