{"id":177,"date":"2014-05-13T14:57:20","date_gmt":"2014-05-13T12:57:20","guid":{"rendered":"http:\/\/fotoklub-kamnik.si\/?p=177"},"modified":"2024-08-14T12:51:15","modified_gmt":"2024-08-14T10:51:15","slug":"foto-klub-kamnik-na-fotonicnih-trenutkih-2014","status":"publish","type":"post","link":"https:\/\/fotoklub-kamnik.si\/en\/foto-klub-kamnik-na-fotonicnih-trenutkih-2014\/","title":{"rendered":"Photo club Kamnik at Photonic Moments 2014"},"content":{"rendered":"<p><strong><img loading=\"lazy\" decoding=\"async\" class=\"size-full wp-image-178 alignnone\" src=\"https:\/\/fotoklub-kamnik.si\/wp-content\/uploads\/blaz.jpg\" alt=\"blaz\" width=\"332\" height=\"500\" srcset=\"https:\/\/fotoklub-kamnik.si\/wp-content\/uploads\/blaz.jpg 332w, https:\/\/fotoklub-kamnik.si\/wp-content\/uploads\/blaz-199x300.jpg 199w\" sizes=\"auto, (max-width: 332px) 100vw, 332px\" \/><\/strong><\/p>\n<p><strong>Members of the Kamnik photo club Bla\u017e Jane\u017ei\u010d, Du\u0161an Letnar, Simon Podgor\u0161ek, Jana Nakrst, Robert Novak, Rudi Kotnik (in collaboration with Zvonka Sim\u010di\u010d) and Ale\u0161 Seno\u017eetnik are participating in the international photography biennial of contemporary photography, Photonic Moments, with the exhibition Two Places under the mentorship of Peter Rauch. organized by the Center for Contemporary Photography - Photon Gallery!<\/strong><\/p>\n<p><strong>The opening of the exhibition will take place on Wednesday, June 11 at 8 p.m. in the Kamnik Cultural Center Gallery.<\/strong><\/p>\n<p><img loading=\"lazy\" decoding=\"async\" class=\"size-full wp-image-179 alignnone\" src=\"https:\/\/fotoklub-kamnik.si\/wp-content\/uploads\/robi.jpg\" alt=\"OLYMPUS DIGITAL CAMERA\" width=\"500\" height=\"375\" srcset=\"https:\/\/fotoklub-kamnik.si\/wp-content\/uploads\/robi.jpg 500w, https:\/\/fotoklub-kamnik.si\/wp-content\/uploads\/robi-300x225.jpg 300w\" sizes=\"auto, (max-width: 500px) 100vw, 500px\" \/><\/p>\n<p>We brought to the club&#039;s collective space everything that interests us at the moment and that we think would be suitable for joint consideration. The first question that arises turns out to be crucial: what is the common denominator? What will we use to cut into the presented meat? And the answer is not some designation of the title of the workshop or the topic of the project.<\/p>\n<p><img loading=\"lazy\" decoding=\"async\" class=\"size-full wp-image-180 alignnone\" src=\"https:\/\/fotoklub-kamnik.si\/wp-content\/uploads\/rudi.jpg\" alt=\"rudi\" width=\"500\" height=\"375\" srcset=\"https:\/\/fotoklub-kamnik.si\/wp-content\/uploads\/rudi.jpg 500w, https:\/\/fotoklub-kamnik.si\/wp-content\/uploads\/rudi-300x225.jpg 300w\" sizes=\"auto, (max-width: 500px) 100vw, 500px\" \/><\/p>\n<p>The problem is the consequences, what we will lose with the naming and how the title will guide the decisions, got behind you and haunts you like a nagging topic. With this aim in mind, I got involved in collective work, I carried out exercises that I regularly set for us and at the same time pushed from within the final definition of the common denominator - the title of the project. By delaying the naming of the common in the community, I myself took the place of the denominator, which was clearly shown when someone brought a selection of created photos for review, inserted a USB key into the computer and opened a list of folders. Among them I saw one called by my last name. How did my folder end up on his key, what of mine does his memory possess? How many such folders exist on their drives? I don&#039;t own any of them and I&#039;m signed to all of them at the same time. The common denominator was established already at the beginning of our gatherings, with the agreement that we will implement a project during the year, that I will lead it and direct their work. I enter into this agreement without definition, with the decision that the object of the collective work should emerge through the process, that the theme should be articulated through performance. It is this retroactivity \u2014 let the concept come at the end \u2014 that is the key theme that I try to convey all the time: let&#039;s work backwards, describe the obvious, and in this description try to highlight what remains, the superfluous part that appears as if it were already there all along. here, he just appeared now. In retrospect, the difference between articulation and representation, between what is said and what is seen, can be shown. The purpose of the work is therefore the articulation of the work and the recognition of what remains unarticulated in the articulation. The title comes at the end, the object of the creation develops through the creation itself, usually as something that we did not even plan, but by creating, we gave the possibility for it to &quot;appear&quot;.<\/p>\n<p><img loading=\"lazy\" decoding=\"async\" class=\"size-full wp-image-181 alignnone\" src=\"https:\/\/fotoklub-kamnik.si\/wp-content\/uploads\/jana.jpg\" alt=\"jana\" width=\"500\" height=\"417\" srcset=\"https:\/\/fotoklub-kamnik.si\/wp-content\/uploads\/jana.jpg 500w, https:\/\/fotoklub-kamnik.si\/wp-content\/uploads\/jana-300x250.jpg 300w\" sizes=\"auto, (max-width: 500px) 100vw, 500px\" \/><\/p>\n<p>Two Places is a project about spaces of interest \u2013 about places where we find ourselves, about places we escape to, or about places we find ourselves when we escape. It turns out that we are interested in certain places in the world where we can take pictures, but we are also interested in the places in the world that we create by taking pictures. In any case, it turns out that the place where we find ourselves is not one, but two. Through photography, we confronted two places, two extremes, an opposition that is established through a relationship and reduction to a common denominator: we got two places of one, two extremes of the same thing. Everyone revolved around their denominator, exploring its dimensions, limits, and everything that lies just beyond that which is limited. The range of places and extremes is extremely varied: on the one hand, the social space of the Bistrice basin, nearby forests, night walks through Kamnik, on the other hand, cellars and spaces on the way, constructs of macro shots and the discrepancy between the created exteriors and the advertised interiors of Duplice, or the tension of two unfathomable media, sound and image. The collective product is the two places of our cooperation - the first were meetings, the second is the one that is exhibited. We can look at them separately, but even in such a case we produce another, absent in a completely arbitrary form.<br \/>\nText: Peter Rauch<\/p>\n<p>The exhibition will be on display until June 30, 2014.<\/p>","protected":false},"excerpt":{"rendered":"<p>\u010clani foto kluba Kamnik Bla\u017e Jane\u017ei\u010d, Du\u0161an Letnar, Simon Podgor\u0161ek, Jana Nakrst, Robert Novak, Rudi Kotnik (v sodelovanju z Zvonko Sim\u010di\u010d) in Ale\u0161 Seno\u017eetnik z razstavo Dva kraja pod mentorstvom [&hellip;]<\/p>\n","protected":false},"author":4,"featured_media":178,"comment_status":"closed","ping_status":"open","sticky":false,"template":"","format":"standard","meta":{"_exactmetrics_skip_tracking":false,"_exactmetrics_sitenote_active":false,"_exactmetrics_sitenote_note":"","_exactmetrics_sitenote_category":0,"footnotes":""},"categories":[20],"tags":[],"class_list":{"0":"post-177","1":"post","2":"type-post","3":"status-publish","4":"format-standard","5":"has-post-thumbnail","7":"category-razstave","8":"czr-hentry"},"_links":{"self":[{"href":"https:\/\/fotoklub-kamnik.si\/en\/wp-json\/wp\/v2\/posts\/177","targetHints":{"allow":["GET"]}}],"collection":[{"href":"https:\/\/fotoklub-kamnik.si\/en\/wp-json\/wp\/v2\/posts"}],"about":[{"href":"https:\/\/fotoklub-kamnik.si\/en\/wp-json\/wp\/v2\/types\/post"}],"author":[{"embeddable":true,"href":"https:\/\/fotoklub-kamnik.si\/en\/wp-json\/wp\/v2\/users\/4"}],"replies":[{"embeddable":true,"href":"https:\/\/fotoklub-kamnik.si\/en\/wp-json\/wp\/v2\/comments?post=177"}],"version-history":[{"count":2,"href":"https:\/\/fotoklub-kamnik.si\/en\/wp-json\/wp\/v2\/posts\/177\/revisions"}],"predecessor-version":[{"id":1224,"href":"https:\/\/fotoklub-kamnik.si\/en\/wp-json\/wp\/v2\/posts\/177\/revisions\/1224"}],"wp:featuredmedia":[{"embeddable":true,"href":"https:\/\/fotoklub-kamnik.si\/en\/wp-json\/wp\/v2\/media\/178"}],"wp:attachment":[{"href":"https:\/\/fotoklub-kamnik.si\/en\/wp-json\/wp\/v2\/media?parent=177"}],"wp:term":[{"taxonomy":"category","embeddable":true,"href":"https:\/\/fotoklub-kamnik.si\/en\/wp-json\/wp\/v2\/categories?post=177"},{"taxonomy":"post_tag","embeddable":true,"href":"https:\/\/fotoklub-kamnik.si\/en\/wp-json\/wp\/v2\/tags?post=177"}],"curies":[{"name":"wp","href":"https:\/\/api.w.org\/{rel}","templated":true}]}}