{"id":1877,"date":"2025-04-16T18:07:19","date_gmt":"2025-04-16T16:07:19","guid":{"rendered":"https:\/\/fotoklub-kamnik.si\/?p=1877"},"modified":"2025-04-16T18:07:19","modified_gmt":"2025-04-16T16:07:19","slug":"valter-kolenc-v-podzemlju","status":"publish","type":"post","link":"https:\/\/fotoklub-kamnik.si\/en\/valter-kolenc-v-podzemlju\/","title":{"rendered":"Valter Kolenc \u2013 in the underground"},"content":{"rendered":"<p><img loading=\"lazy\" decoding=\"async\" class=\"aligncenter size-large wp-image-1878\" src=\"https:\/\/fotoklub-kamnik.si\/wp-content\/uploads\/05-1024x669.jpg\" alt=\"\" width=\"1024\" height=\"669\" srcset=\"https:\/\/fotoklub-kamnik.si\/wp-content\/uploads\/05-1024x669.jpg 1024w, https:\/\/fotoklub-kamnik.si\/wp-content\/uploads\/05-300x196.jpg 300w, https:\/\/fotoklub-kamnik.si\/wp-content\/uploads\/05-1536x1003.jpg 1536w, https:\/\/fotoklub-kamnik.si\/wp-content\/uploads\/05-2048x1337.jpg 2048w, https:\/\/fotoklub-kamnik.si\/wp-content\/uploads\/05-18x12.jpg 18w, https:\/\/fotoklub-kamnik.si\/wp-content\/uploads\/05-570x372.jpg 570w, https:\/\/fotoklub-kamnik.si\/wp-content\/uploads\/05-1320x862.jpg 1320w\" sizes=\"auto, (max-width: 1024px) 100vw, 1024px\" \/><\/p>\n<p>This month we present a photograph by Valter Kolenc \u2013 his first entry in the members\u2019 Photo of the Month competition. In this expressive black and white study, the author depicts the dichotomy of the natural and the artificial, the ruthlessness of nature and the cruelty of human encroachment on its space. With astonishing sensitivity, Valter captures an underground world where time seemingly stands still \u2013 trapped in darkness, far from human gaze.<\/p>\n<p>But when a man returns to the scene of his crime, where he has blasted a deep furrow into the heart of the mountain with fire and steel, he is confronted with a bitter truth: the earth does not care about the deeds of flesh-and-blood invaders. Although it has been barely a decade since the mine closed, the wound in the mountain is already healing \u2013 drop by drop. Time flows in limestone waves and slowly, but tirelessly and eternally, heals the wound in its stone body. The ceiling of the mine hall seems to be still. But this silence and peace are only an illusion \u2013 the underground changes with every drop, full of minerals, erasing the traces of man\u2019s longing for treasures hidden in the darkness.<\/p>\n<p>A photograph captured using the silver gelatin technique and developed in the darkroom of the Kamnik Photo Club goes beyond its mere documentary value: it becomes a meditation on transience, silence and the raw poetics of the underworld. The silver gelatin technique is considered the foundation of black and white photography and embodies a centuries-old tradition of manual work in the darkroom. It is a process in which a light-sensitive layer of silver halides bound in gelatin is applied to photographic paper or film. This analogue method, known for its rich tonal range, subtle texture and exceptional durability, requires not only technical precision, but also a sense of light and materiality.<\/p>\n<p>The photo of the month for March 2025 was selected by the members present at the club meeting on Wednesday, April 9, 2025. You can view all participating photos at <a href=\"https:\/\/link.shutterfly.com\/4dOI287PqSb\" target=\"_blank\" rel=\"noopener\">this address<\/a>.<\/p>","protected":false},"excerpt":{"rendered":"<p>Ta mesec predstavljamo fotografijo Valterja Kolenca \u2013 njegov prvi prispevek na \u010dlanskem tekmovanju za Fotografijo meseca. V tej ekspresivni \u010drno-beli \u0161tudiji avtor upodablja dihotomijo naravnega in umetnega, neusmiljenost narave ter [&hellip;]<\/p>\n","protected":false},"author":8,"featured_media":1878,"comment_status":"open","ping_status":"open","sticky":false,"template":"","format":"image","meta":{"_exactmetrics_skip_tracking":false,"_exactmetrics_sitenote_active":false,"_exactmetrics_sitenote_note":"","_exactmetrics_sitenote_category":0,"footnotes":""},"categories":[32],"tags":[28,40],"class_list":{"0":"post-1877","1":"post","2":"type-post","3":"status-publish","4":"format-image","5":"has-post-thumbnail","7":"category-foto-meseca","8":"tag-analogna-fotografija","9":"tag-fotografija-meseca","10":"post_format-post-format-image","11":"czr-hentry"},"_links":{"self":[{"href":"https:\/\/fotoklub-kamnik.si\/en\/wp-json\/wp\/v2\/posts\/1877","targetHints":{"allow":["GET"]}}],"collection":[{"href":"https:\/\/fotoklub-kamnik.si\/en\/wp-json\/wp\/v2\/posts"}],"about":[{"href":"https:\/\/fotoklub-kamnik.si\/en\/wp-json\/wp\/v2\/types\/post"}],"author":[{"embeddable":true,"href":"https:\/\/fotoklub-kamnik.si\/en\/wp-json\/wp\/v2\/users\/8"}],"replies":[{"embeddable":true,"href":"https:\/\/fotoklub-kamnik.si\/en\/wp-json\/wp\/v2\/comments?post=1877"}],"version-history":[{"count":1,"href":"https:\/\/fotoklub-kamnik.si\/en\/wp-json\/wp\/v2\/posts\/1877\/revisions"}],"predecessor-version":[{"id":1880,"href":"https:\/\/fotoklub-kamnik.si\/en\/wp-json\/wp\/v2\/posts\/1877\/revisions\/1880"}],"wp:featuredmedia":[{"embeddable":true,"href":"https:\/\/fotoklub-kamnik.si\/en\/wp-json\/wp\/v2\/media\/1878"}],"wp:attachment":[{"href":"https:\/\/fotoklub-kamnik.si\/en\/wp-json\/wp\/v2\/media?parent=1877"}],"wp:term":[{"taxonomy":"category","embeddable":true,"href":"https:\/\/fotoklub-kamnik.si\/en\/wp-json\/wp\/v2\/categories?post=1877"},{"taxonomy":"post_tag","embeddable":true,"href":"https:\/\/fotoklub-kamnik.si\/en\/wp-json\/wp\/v2\/tags?post=1877"}],"curies":[{"name":"wp","href":"https:\/\/api.w.org\/{rel}","templated":true}]}}