{"id":2012,"date":"2025-07-06T18:33:12","date_gmt":"2025-07-06T16:33:12","guid":{"rendered":"https:\/\/fotoklub-kamnik.si\/?p=2012"},"modified":"2025-08-06T18:38:51","modified_gmt":"2025-08-06T16:38:51","slug":"mark-antonij-novak-revez","status":"publish","type":"post","link":"https:\/\/fotoklub-kamnik.si\/en\/mark-antonij-novak-revez\/","title":{"rendered":"Mark Antonij Novak \u2013 The Poor Man"},"content":{"rendered":"<p><img loading=\"lazy\" decoding=\"async\" class=\"aligncenter size-large wp-image-2013\" src=\"https:\/\/fotoklub-kamnik.si\/wp-content\/uploads\/revez-v2-1-1024x683.jpg\" alt=\"\" width=\"1024\" height=\"683\" srcset=\"https:\/\/fotoklub-kamnik.si\/wp-content\/uploads\/revez-v2-1-1024x683.jpg 1024w, https:\/\/fotoklub-kamnik.si\/wp-content\/uploads\/revez-v2-1-300x200.jpg 300w, https:\/\/fotoklub-kamnik.si\/wp-content\/uploads\/revez-v2-1-1536x1025.jpg 1536w, https:\/\/fotoklub-kamnik.si\/wp-content\/uploads\/revez-v2-1-2048x1366.jpg 2048w, https:\/\/fotoklub-kamnik.si\/wp-content\/uploads\/revez-v2-1-18x12.jpg 18w, https:\/\/fotoklub-kamnik.si\/wp-content\/uploads\/revez-v2-1-570x380.jpg 570w, https:\/\/fotoklub-kamnik.si\/wp-content\/uploads\/revez-v2-1-1320x880.jpg 1320w\" sizes=\"auto, (max-width: 1024px) 100vw, 1024px\" \/><\/p>\n<p>In June, FKK members selected a street photograph by member Marko Antoni Novak entitled Poor Man. It is a visual confession of homelessness and social indifference, captured by the lens on an otherwise ordinary Saturday evening on \u010copova Street in Ljubljana. In the photograph, a homeless man sits on the edge of the street, offering his outstretched hand to passersby, who, as the author points out, ignore him and rush past, as if he were part of the urban scenery, rather than a human being with his own story.<\/p>\n<p>The photograph acts as a silent but insightful social critique. Novak skillfully contrasts the central motif of the \u201cpoor man\u201d with the faceless crowd, whose faces are deliberately cut out, almost erased. This creates an effect of alienation that underlines the homeless man\u2019s isolation and at the same time our collective indifference. This figure is not just a homeless individual, but becomes a symbol of the ignored in contemporary society.<\/p>\n<p>An important element of the photograph is also the color dynamics: the cold blue background flows into the warmer, yellow lighting of the central motif, which further highlights the subject and creates a subtle tension between the coldness of the world and the warmth of human presence.<\/p>\n<p>Mark Antonij Novak is not just a passing observer, but also an ethical participant; before the recording, as he writes, he gave the man some change as a symbolic gesture of recognition and respect. His approach shows a conscious placement in the dialogue between art and responsibility, which is not uncommon in his work. His works often thematize social fringes and ignored narratives, not remaining at the level of bare aesthetics, but moving into engaged art.<\/p>\n<p>The Poor is more than a snapshot of a moment; it is a mirror of urban reality, in which the question of solidarity is too often suffocated in the hustle and bustle of everyday life.<\/p>","protected":false},"excerpt":{"rendered":"<p>V mesecu juniju smo \u010dlani FKK izbrali uli\u010dno fotografijo \u010dlana Marka Antonija Novaka z naslovom Reve\u017e. Gre za vizualno izpoved brezdomstva in dru\u017ebene brezbri\u017enosti, ujete v objektiv na sicer obi\u010dajno [&hellip;]<\/p>\n","protected":false},"author":8,"featured_media":2013,"comment_status":"open","ping_status":"open","sticky":false,"template":"","format":"image","meta":{"_exactmetrics_skip_tracking":false,"_exactmetrics_sitenote_active":false,"_exactmetrics_sitenote_note":"","_exactmetrics_sitenote_category":0,"footnotes":""},"categories":[32],"tags":[44,40,43],"class_list":{"0":"post-2012","1":"post","2":"type-post","3":"status-publish","4":"format-image","5":"has-post-thumbnail","7":"category-foto-meseca","8":"tag-digitalna-fotografija","9":"tag-fotografija-meseca","10":"tag-ulicna-fotografija","11":"post_format-post-format-image","12":"czr-hentry"},"_links":{"self":[{"href":"https:\/\/fotoklub-kamnik.si\/en\/wp-json\/wp\/v2\/posts\/2012","targetHints":{"allow":["GET"]}}],"collection":[{"href":"https:\/\/fotoklub-kamnik.si\/en\/wp-json\/wp\/v2\/posts"}],"about":[{"href":"https:\/\/fotoklub-kamnik.si\/en\/wp-json\/wp\/v2\/types\/post"}],"author":[{"embeddable":true,"href":"https:\/\/fotoklub-kamnik.si\/en\/wp-json\/wp\/v2\/users\/8"}],"replies":[{"embeddable":true,"href":"https:\/\/fotoklub-kamnik.si\/en\/wp-json\/wp\/v2\/comments?post=2012"}],"version-history":[{"count":1,"href":"https:\/\/fotoklub-kamnik.si\/en\/wp-json\/wp\/v2\/posts\/2012\/revisions"}],"predecessor-version":[{"id":2014,"href":"https:\/\/fotoklub-kamnik.si\/en\/wp-json\/wp\/v2\/posts\/2012\/revisions\/2014"}],"wp:featuredmedia":[{"embeddable":true,"href":"https:\/\/fotoklub-kamnik.si\/en\/wp-json\/wp\/v2\/media\/2013"}],"wp:attachment":[{"href":"https:\/\/fotoklub-kamnik.si\/en\/wp-json\/wp\/v2\/media?parent=2012"}],"wp:term":[{"taxonomy":"category","embeddable":true,"href":"https:\/\/fotoklub-kamnik.si\/en\/wp-json\/wp\/v2\/categories?post=2012"},{"taxonomy":"post_tag","embeddable":true,"href":"https:\/\/fotoklub-kamnik.si\/en\/wp-json\/wp\/v2\/tags?post=2012"}],"curies":[{"name":"wp","href":"https:\/\/api.w.org\/{rel}","templated":true}]}}