{"id":2052,"date":"2025-09-04T12:17:28","date_gmt":"2025-09-04T10:17:28","guid":{"rendered":"https:\/\/fotoklub-kamnik.si\/?p=2052"},"modified":"2025-09-30T23:50:28","modified_gmt":"2025-09-30T21:50:28","slug":"delavnica-fotografije-za-otroke","status":"publish","type":"post","link":"https:\/\/fotoklub-kamnik.si\/en\/delavnica-fotografije-za-otroke\/","title":{"rendered":"Photography workshop for children"},"content":{"rendered":"<div><img loading=\"lazy\" decoding=\"async\" class=\"size-full wp-image-2053 alignnone\" src=\"https:\/\/fotoklub-kamnik.si\/wp-content\/uploads\/Untitled-2-3.jpg\" alt=\"\" width=\"942\" height=\"626\" srcset=\"https:\/\/fotoklub-kamnik.si\/wp-content\/uploads\/Untitled-2-3.jpg 942w, https:\/\/fotoklub-kamnik.si\/wp-content\/uploads\/Untitled-2-3-300x199.jpg 300w, https:\/\/fotoklub-kamnik.si\/wp-content\/uploads\/Untitled-2-3-18x12.jpg 18w, https:\/\/fotoklub-kamnik.si\/wp-content\/uploads\/Untitled-2-3-570x379.jpg 570w\" sizes=\"auto, (max-width: 942px) 100vw, 942px\" \/><\/div>\n<div><\/div>\n<h2>Hello,<\/h2>\n<div><\/div>\n<div><strong>Fotoklub Kamnik will organize a course for the children of our members, so you are warmly invited to attend it in as many numbers as possible. The course is designed as an intergenerational joint activity for children and parents\/grandparents. Please read the invitation and the draft program.<\/strong><\/div>\n<div><\/div>\n<div><\/div>\n<div>The first introductory meeting is scheduled for Saturday, September 13th at 10am, when we will have a short introductory meeting, after which we will go into town to see if there is anything going on around national costumes and take some photos there.<\/div>\n<div><\/div>\n<div><\/div>\n<div><strong>Please see the invitation and program presentation in the attachment.<\/strong><\/div>\n<div><\/div>\n<div>If you are not yet completely sure whether you or a representative of the younger generation is really interested, you are invited to come to the first meeting anyway (and decide later whether to participate).<br \/>\nIn this case too, please fill out the application form at:<\/div>\n<div><a href=\"https:\/\/forms.gle\/y4wmmTJPz9K28qE97\" target=\"_blank\" rel=\"noopener\" data-saferedirecturl=\"https:\/\/www.google.com\/url?q=https:\/\/forms.gle\/y4wmmTJPz9K28qE97&amp;source=gmail&amp;ust=1757054034356000&amp;usg=AOvVaw3pK_bQ7tY6W4LjP0fR3YMy\"><br \/>\nhttps:\/\/forms.gle\/<wbr \/>y4wmmTJPz9K28qE97<\/a><\/div>\n<div><\/div>\n<div><\/div>\n<div><em>Kind regards,\u00a0<\/em><\/div>\n<div><em>Photo club Kamnik<\/em><\/div>\n<p>&nbsp;<\/p>\n<h3>1st workshop \u2013 meeting 13.9. 2025<\/h3>\n<p>We met in front of the club and after some basic theory, we headed out to the field.<\/p>","protected":false},"excerpt":{"rendered":"<p>Pozdravljeni, Fotoklub Kamnik bo organiziral te\u010daj\u00a0za otroke na\u0161ih \u010dlanov, zato ste toplo vabljeni, da se ga udele\u017eite v \u010dim ve\u010djem\u00a0\u0161tevilu.\u00a0Te\u010daj je zasnovan kot medgeneracijska skupna aktivnost za otroke in star\u0161e\/stare [&hellip;]<\/p>\n","protected":false},"author":7,"featured_media":2053,"comment_status":"open","ping_status":"open","sticky":false,"template":"","format":"standard","meta":{"_exactmetrics_skip_tracking":false,"_exactmetrics_sitenote_active":false,"_exactmetrics_sitenote_note":"","_exactmetrics_sitenote_category":0,"footnotes":""},"categories":[38,4],"tags":[],"class_list":{"0":"post-2052","1":"post","2":"type-post","3":"status-publish","4":"format-standard","5":"has-post-thumbnail","7":"category-dogodki-fkk","8":"category-projekti","9":"czr-hentry"},"_links":{"self":[{"href":"https:\/\/fotoklub-kamnik.si\/en\/wp-json\/wp\/v2\/posts\/2052","targetHints":{"allow":["GET"]}}],"collection":[{"href":"https:\/\/fotoklub-kamnik.si\/en\/wp-json\/wp\/v2\/posts"}],"about":[{"href":"https:\/\/fotoklub-kamnik.si\/en\/wp-json\/wp\/v2\/types\/post"}],"author":[{"embeddable":true,"href":"https:\/\/fotoklub-kamnik.si\/en\/wp-json\/wp\/v2\/users\/7"}],"replies":[{"embeddable":true,"href":"https:\/\/fotoklub-kamnik.si\/en\/wp-json\/wp\/v2\/comments?post=2052"}],"version-history":[{"count":6,"href":"https:\/\/fotoklub-kamnik.si\/en\/wp-json\/wp\/v2\/posts\/2052\/revisions"}],"predecessor-version":[{"id":2103,"href":"https:\/\/fotoklub-kamnik.si\/en\/wp-json\/wp\/v2\/posts\/2052\/revisions\/2103"}],"wp:featuredmedia":[{"embeddable":true,"href":"https:\/\/fotoklub-kamnik.si\/en\/wp-json\/wp\/v2\/media\/2053"}],"wp:attachment":[{"href":"https:\/\/fotoklub-kamnik.si\/en\/wp-json\/wp\/v2\/media?parent=2052"}],"wp:term":[{"taxonomy":"category","embeddable":true,"href":"https:\/\/fotoklub-kamnik.si\/en\/wp-json\/wp\/v2\/categories?post=2052"},{"taxonomy":"post_tag","embeddable":true,"href":"https:\/\/fotoklub-kamnik.si\/en\/wp-json\/wp\/v2\/tags?post=2052"}],"curies":[{"name":"wp","href":"https:\/\/api.w.org\/{rel}","templated":true}]}}