{"id":2222,"date":"2025-12-12T17:56:01","date_gmt":"2025-12-12T15:56:01","guid":{"rendered":"https:\/\/fotoklub-kamnik.si\/?p=2222"},"modified":"2025-12-13T16:23:00","modified_gmt":"2025-12-13T14:23:00","slug":"fkk-off-tisina","status":"publish","type":"post","link":"https:\/\/fotoklub-kamnik.si\/en\/fkk-off-tisina\/","title":{"rendered":"FKK OFF \u2013 SILENCE"},"content":{"rendered":"<h2><img loading=\"lazy\" decoding=\"async\" class=\"wp-image-2223 alignnone\" src=\"https:\/\/fotoklub-kamnik.si\/wp-content\/uploads\/Vabilo-TISINA-2025-2-scaled-e1765554561711.jpg\" alt=\"\" width=\"813\" height=\"1155\" srcset=\"https:\/\/fotoklub-kamnik.si\/wp-content\/uploads\/Vabilo-TISINA-2025-2-scaled-e1765554561711.jpg 1276w, https:\/\/fotoklub-kamnik.si\/wp-content\/uploads\/Vabilo-TISINA-2025-2-scaled-e1765554561711-211x300.jpg 211w, https:\/\/fotoklub-kamnik.si\/wp-content\/uploads\/Vabilo-TISINA-2025-2-scaled-e1765554561711-721x1024.jpg 721w, https:\/\/fotoklub-kamnik.si\/wp-content\/uploads\/Vabilo-TISINA-2025-2-scaled-e1765554561711-1081x1536.jpg 1081w, https:\/\/fotoklub-kamnik.si\/wp-content\/uploads\/Vabilo-TISINA-2025-2-scaled-e1765554561711-8x12.jpg 8w, https:\/\/fotoklub-kamnik.si\/wp-content\/uploads\/Vabilo-TISINA-2025-2-scaled-e1765554561711-570x810.jpg 570w\" sizes=\"auto, (max-width: 813px) 100vw, 813px\" \/><\/h2>\n<h2>On Friday, December 19, 2025 at 7:00 PM, we kindly invite you to the opening of the photography exhibition titled SILENCE, which is the theme of this year&#039;s final group exhibition of members of the Kamnik Photo Club (FKK OFF).<\/h2>\n<div>They will present their works (in alphabetical order):<br \/>\nToma\u017e Ber\u010di\u010d, Jana Bratu\u017e, Marjan Drolc, Janez Glava\u010d, Miro Hrkalovi\u0107, Belmin Hod\u017ei\u0107, Du\u0161an Letnar, Ilona Mrgole, Mark Antonij Novak, Simon Podgor\u0161ek, Hana Podgor\u0161ek, Primo\u017e Poljan\u0161ek, Klara Ravnikar, Sasa Slamnik, Jo\u017ee Zupin<\/div>\n<div><b><i>The exhibition SILENCE opens a space in which the world is revealed through<br \/>\nits most delicate, often overlooked registers. Authors through<br \/>\nvarious motifs explore silence as a space of feeling, tension and<br \/>\ninternal dialogue. It is not a silence without sound, but a state in which<br \/>\nin which image becomes thought and space becomes echo<br \/>\nour own perceptions.<\/i><\/b><\/div>\n<div><b><i><br \/>\nMoments that are pushed to the edge by the noise of everyday life are frozen in silence \u2013<br \/>\ndetails, shapes and traces of time that require a slower, more attentive<br \/>\nview. The exhibition thus brings together not only images, but also experiences:<br \/>\nan invitation to retreat, to a different rhythm and to subtle exploration<br \/>\nthe relationship between space, man and his inner world.<br \/>\nSILENCE is therefore both a topic and a state \u2013 a space in which every<br \/>\nPhotography resonates in its own, imperceptible, yet deeply present way.<\/i><\/b><\/div>","protected":false},"excerpt":{"rendered":"<p>V petek 19.12. 2025 vas ob 19.00 vljudno vabimo na otvoritev fotografske razstave za naslovom TI\u0160INA, ki je tematika leto\u0161nje zaklju\u010dne skupinske razstave \u010dlanov Foto kluba Kamnik (FKK OFF). Svoja [&hellip;]<\/p>\n","protected":false},"author":7,"featured_media":2224,"comment_status":"open","ping_status":"open","sticky":false,"template":"","format":"standard","meta":{"_exactmetrics_skip_tracking":false,"_exactmetrics_sitenote_active":false,"_exactmetrics_sitenote_note":"","_exactmetrics_sitenote_category":0,"footnotes":""},"categories":[21,38],"tags":[],"class_list":{"0":"post-2222","1":"post","2":"type-post","3":"status-publish","4":"format-standard","5":"has-post-thumbnail","7":"category-galerija-fkk","8":"category-dogodki-fkk","9":"czr-hentry"},"_links":{"self":[{"href":"https:\/\/fotoklub-kamnik.si\/en\/wp-json\/wp\/v2\/posts\/2222","targetHints":{"allow":["GET"]}}],"collection":[{"href":"https:\/\/fotoklub-kamnik.si\/en\/wp-json\/wp\/v2\/posts"}],"about":[{"href":"https:\/\/fotoklub-kamnik.si\/en\/wp-json\/wp\/v2\/types\/post"}],"author":[{"embeddable":true,"href":"https:\/\/fotoklub-kamnik.si\/en\/wp-json\/wp\/v2\/users\/7"}],"replies":[{"embeddable":true,"href":"https:\/\/fotoklub-kamnik.si\/en\/wp-json\/wp\/v2\/comments?post=2222"}],"version-history":[{"count":2,"href":"https:\/\/fotoklub-kamnik.si\/en\/wp-json\/wp\/v2\/posts\/2222\/revisions"}],"predecessor-version":[{"id":2226,"href":"https:\/\/fotoklub-kamnik.si\/en\/wp-json\/wp\/v2\/posts\/2222\/revisions\/2226"}],"wp:featuredmedia":[{"embeddable":true,"href":"https:\/\/fotoklub-kamnik.si\/en\/wp-json\/wp\/v2\/media\/2224"}],"wp:attachment":[{"href":"https:\/\/fotoklub-kamnik.si\/en\/wp-json\/wp\/v2\/media?parent=2222"}],"wp:term":[{"taxonomy":"category","embeddable":true,"href":"https:\/\/fotoklub-kamnik.si\/en\/wp-json\/wp\/v2\/categories?post=2222"},{"taxonomy":"post_tag","embeddable":true,"href":"https:\/\/fotoklub-kamnik.si\/en\/wp-json\/wp\/v2\/tags?post=2222"}],"curies":[{"name":"wp","href":"https:\/\/api.w.org\/{rel}","templated":true}]}}