{"id":226,"date":"2012-11-22T15:25:43","date_gmt":"2012-11-22T13:25:43","guid":{"rendered":"http:\/\/fotoklub-kamnik.si\/?p=226"},"modified":"2020-08-04T14:44:57","modified_gmt":"2020-08-04T12:44:57","slug":"1-vseslovenski-krozni-fotografski-natecaj","status":"publish","type":"post","link":"https:\/\/fotoklub-kamnik.si\/en\/1-vseslovenski-krozni-fotografski-natecaj\/","title":{"rendered":"1st all-Slovenian circular photography competition"},"content":{"rendered":"<p>Photo club Kamnik together with members of neighboring photography clubs (FKVK Mavrica and Center for young people Dom\u017eale) organized the 1st nationwide digital photo exhibition, which we dedicated to the European Year of Active Aging and Intergenerational Solidarity. We dedicated part of the registration fee to 27-year-old Dejan from Vransko, who lost both hands in a work accident. The competition was held under the auspices of the Photographic Association of Slovenia and under the honorary auspices of the Ombudsman, dr. Zdenke \u010ceba\u0161ek Travnik, Ph.D. honey<br \/>\nEach author could participate with four photos in each of the topics:<br \/>\na) Intergenerational cooperation - motifs in the pictures show cooperation\/contact between generations (children, adults, elderly), color or black and white technique<br \/>\nb) Speech of hands (color or black and white technique)<br \/>\nc) Free color<br \/>\nd) Free B&amp;W<br \/>\nThe received works were judged three times, where a new team of jurors was assembled for each judging. The jury consisted of:<br \/>\n1st round \u2013 Dom\u017eale Youth Center:<br \/>\nAna \u0160i\u0161ak, MF FZS, EFIAP<br \/>\nIgor Lipov\u0161ek, 1st class film buff<br \/>\nMarko Ocepek, photographer<br \/>\n2nd round \u2013 FKVK Mavrica Radomlje<br \/>\nKarel Steiner, non-prof. movie. creation.<br \/>\nAndra\u017e Gregori\u010d, Eng. photographs<br \/>\ndr. Lado Kutner, F1 FZS, EFIAP<br \/>\n3rd round \u2013 FK Kamnik<br \/>\nJanez Kukec Mezek, KMF FZS, AFIAP<br \/>\nEgon Bajt, F1 FZS<br \/>\nBorut Sluga, graduate of photography at VIST<br \/>\nThe jury awarded 3 prizes in each topic and 3-6 diplomas.<br \/>\nAwarded and accepted photos can be viewed in the online gallery.<\/p>","protected":false},"excerpt":{"rendered":"<p>Foto klub Kamnik je skupaj s \u010dlani sosednjih fotografskih klubov (FKVK Mavrica in Center za mlade Dom\u017eale) priredil 1. vseslovensko kro\u017eno razstavo digitalnih fotografij, ki smo jo posvetili Evropskemu letu [&hellip;]<\/p>\n","protected":false},"author":4,"featured_media":0,"comment_status":"closed","ping_status":"open","sticky":false,"template":"","format":"standard","meta":{"_exactmetrics_skip_tracking":false,"_exactmetrics_sitenote_active":false,"_exactmetrics_sitenote_note":"","_exactmetrics_sitenote_category":0,"footnotes":""},"categories":[3,4],"tags":[],"class_list":{"0":"post-226","1":"post","2":"type-post","3":"status-publish","4":"format-standard","6":"category-novice","7":"category-projekti","8":"czr-hentry"},"_links":{"self":[{"href":"https:\/\/fotoklub-kamnik.si\/en\/wp-json\/wp\/v2\/posts\/226","targetHints":{"allow":["GET"]}}],"collection":[{"href":"https:\/\/fotoklub-kamnik.si\/en\/wp-json\/wp\/v2\/posts"}],"about":[{"href":"https:\/\/fotoklub-kamnik.si\/en\/wp-json\/wp\/v2\/types\/post"}],"author":[{"embeddable":true,"href":"https:\/\/fotoklub-kamnik.si\/en\/wp-json\/wp\/v2\/users\/4"}],"replies":[{"embeddable":true,"href":"https:\/\/fotoklub-kamnik.si\/en\/wp-json\/wp\/v2\/comments?post=226"}],"version-history":[{"count":1,"href":"https:\/\/fotoklub-kamnik.si\/en\/wp-json\/wp\/v2\/posts\/226\/revisions"}],"predecessor-version":[{"id":227,"href":"https:\/\/fotoklub-kamnik.si\/en\/wp-json\/wp\/v2\/posts\/226\/revisions\/227"}],"wp:attachment":[{"href":"https:\/\/fotoklub-kamnik.si\/en\/wp-json\/wp\/v2\/media?parent=226"}],"wp:term":[{"taxonomy":"category","embeddable":true,"href":"https:\/\/fotoklub-kamnik.si\/en\/wp-json\/wp\/v2\/categories?post=226"},{"taxonomy":"post_tag","embeddable":true,"href":"https:\/\/fotoklub-kamnik.si\/en\/wp-json\/wp\/v2\/tags?post=226"}],"curies":[{"name":"wp","href":"https:\/\/api.w.org\/{rel}","templated":true}]}}