{"id":325,"date":"2010-09-26T20:51:58","date_gmt":"2010-09-26T18:51:58","guid":{"rendered":"http:\/\/fotoklub-kamnik.si\/?p=325"},"modified":"2024-11-26T13:52:51","modified_gmt":"2024-11-26T11:52:51","slug":"klubska-razstava-avtoportret","status":"publish","type":"post","link":"https:\/\/fotoklub-kamnik.si\/en\/klubska-razstava-avtoportret\/","title":{"rendered":"Self-Portrait club exhibition"},"content":{"rendered":"<p><img loading=\"lazy\" decoding=\"async\" class=\"alignnone size-full wp-image-327\" src=\"https:\/\/fotoklub-kamnik.si\/wp-content\/uploads\/avtoportret2.jpg\" alt=\"avtoportret2\" width=\"216\" height=\"143\" \/> <img loading=\"lazy\" decoding=\"async\" class=\"alignnone size-full wp-image-328\" src=\"https:\/\/fotoklub-kamnik.si\/wp-content\/uploads\/avtoportret3.jpg\" alt=\"avtoportret3\" width=\"216\" height=\"143\" \/><img loading=\"lazy\" decoding=\"async\" class=\"alignnone size-full wp-image-326\" src=\"https:\/\/fotoklub-kamnik.si\/wp-content\/uploads\/avtoportret6.jpg\" alt=\"avtoportret6\" width=\"216\" height=\"143\" \/><\/p>\n<p>This year&#039;s presentation exhibition of members of the Kamnik Photo Club is entitled Self-Portrait and is the fifth in the series of exhibitions The photographer presents himself. Each exhibition presents active members of the club, and each time we supplement it with an additional topic that offers photographers a challenge for creativity. This time, 17 of the most active members of the association are exhibiting. Interesting and original photos show how the authors see themselves. Everyone had to take their own photo. They are printed on textile in the size of 50\u00d770 cm.<\/p>\n<p>The exhibition is on view in the gallery\u00a0<a href=\"https:\/\/www.domkulture.org\/\" target=\"_blank\" rel=\"noopener\">Home of Kamnik culture<\/a>\u00a0from September 15 to the end of October 2010 during opening hours (weekdays between 10 a.m. and 2 p.m., except Wednesdays between 2 p.m. and 6 p.m.).<\/p>","protected":false},"excerpt":{"rendered":"<p>Leto\u0161nja predstavitvena razstava \u010dlanov Foto kluba Kamnik nosi naslov Avtoportret in je \u017ee peta v sklopu razstav Fotograf\/-inja se predstavi. Razstava vsako predstavlja aktivne \u010dlane kluba, vsaki\u010d znova pa jo [&hellip;]<\/p>\n","protected":false},"author":5,"featured_media":0,"comment_status":"closed","ping_status":"open","sticky":false,"template":"","format":"standard","meta":{"_exactmetrics_skip_tracking":false,"_exactmetrics_sitenote_active":false,"_exactmetrics_sitenote_note":"","_exactmetrics_sitenote_category":0,"footnotes":""},"categories":[21,4],"tags":[],"class_list":{"0":"post-325","1":"post","2":"type-post","3":"status-publish","4":"format-standard","6":"category-galerija-fkk","7":"category-projekti","8":"czr-hentry"},"_links":{"self":[{"href":"https:\/\/fotoklub-kamnik.si\/en\/wp-json\/wp\/v2\/posts\/325","targetHints":{"allow":["GET"]}}],"collection":[{"href":"https:\/\/fotoklub-kamnik.si\/en\/wp-json\/wp\/v2\/posts"}],"about":[{"href":"https:\/\/fotoklub-kamnik.si\/en\/wp-json\/wp\/v2\/types\/post"}],"author":[{"embeddable":true,"href":"https:\/\/fotoklub-kamnik.si\/en\/wp-json\/wp\/v2\/users\/5"}],"replies":[{"embeddable":true,"href":"https:\/\/fotoklub-kamnik.si\/en\/wp-json\/wp\/v2\/comments?post=325"}],"version-history":[{"count":1,"href":"https:\/\/fotoklub-kamnik.si\/en\/wp-json\/wp\/v2\/posts\/325\/revisions"}],"predecessor-version":[{"id":329,"href":"https:\/\/fotoklub-kamnik.si\/en\/wp-json\/wp\/v2\/posts\/325\/revisions\/329"}],"wp:attachment":[{"href":"https:\/\/fotoklub-kamnik.si\/en\/wp-json\/wp\/v2\/media?parent=325"}],"wp:term":[{"taxonomy":"category","embeddable":true,"href":"https:\/\/fotoklub-kamnik.si\/en\/wp-json\/wp\/v2\/categories?post=325"},{"taxonomy":"post_tag","embeddable":true,"href":"https:\/\/fotoklub-kamnik.si\/en\/wp-json\/wp\/v2\/tags?post=325"}],"curies":[{"name":"wp","href":"https:\/\/api.w.org\/{rel}","templated":true}]}}