{"id":906,"date":"2022-10-25T11:07:30","date_gmt":"2022-10-25T09:07:30","guid":{"rendered":"https:\/\/fotoklub-kamnik.si\/?p=906"},"modified":"2024-11-26T13:42:56","modified_gmt":"2024-11-26T11:42:56","slug":"tihozitje","status":"publish","type":"post","link":"https:\/\/fotoklub-kamnik.si\/en\/tihozitje\/","title":{"rendered":"Still life"},"content":{"rendered":"<h2>The opening of the Still Life exhibition will be held on Wednesday, October 26 at 8 p.m.<\/h2>\n<p>&nbsp;<\/p>\n<p><img loading=\"lazy\" decoding=\"async\" class=\"alignnone wp-image-905 size-large\" src=\"https:\/\/fotoklub-kamnik.si\/wp-content\/uploads\/gobica-Ilona-819x1024.jpg\" alt=\"\" width=\"819\" height=\"1024\" srcset=\"https:\/\/fotoklub-kamnik.si\/wp-content\/uploads\/gobica-Ilona-819x1024.jpg 819w, https:\/\/fotoklub-kamnik.si\/wp-content\/uploads\/gobica-Ilona-240x300.jpg 240w, https:\/\/fotoklub-kamnik.si\/wp-content\/uploads\/gobica-Ilona-1229x1536.jpg 1229w, https:\/\/fotoklub-kamnik.si\/wp-content\/uploads\/gobica-Ilona-1638x2048.jpg 1638w, https:\/\/fotoklub-kamnik.si\/wp-content\/uploads\/gobica-Ilona-scaled.jpg 2048w\" sizes=\"auto, (max-width: 819px) 100vw, 819px\" \/><\/p>\n<p>Members of the Kamnik Photo Club are opening their first group exhibition in their premises. This time, they tackled a classic subject in fine art \u2013 still lifes, captured in a photographic lens. Each author approached the topic in his own way. Among the photographs on display, we see images of flowers and other traditional motifs that appear in similar depictions throughout the history of fine art, while others have introduced more modern views of the depiction of this still life.<\/p>\n<p>The exhibition will be on view until November 9, every day from 5 to 7 p.m. (Fu\u017eine 10, entrance from the west side of the Kamnik Cultural Center).<\/p>\n<h3>Members of the Kamnik Photo Club exhibit: Bojan Mijatovi\u010d, Du\u0161an Letnar, Erik Rak, Eva Livakovi\u010d, Ilona Mrgole, Jana Bratu\u017e, Janez Glava\u010d, Klara Gali\u010di\u010d, Martin Fujan, Polona Smolnikar, Zala Rifel<\/h3>","protected":false},"excerpt":{"rendered":"<p>Otvoritev razstave Tiho\u017eitje bo v sredo, 26. oktobra ob 20. uri. &nbsp; \u010clani Foto kluba Kamnik odpirajo prvo skupinsko razstavo v svojih prostorih. Tokrat so se lotili klasi\u010dne teme v [&hellip;]<\/p>\n","protected":false},"author":2,"featured_media":1250,"comment_status":"closed","ping_status":"open","sticky":false,"template":"","format":"standard","meta":{"_exactmetrics_skip_tracking":false,"_exactmetrics_sitenote_active":false,"_exactmetrics_sitenote_note":"","_exactmetrics_sitenote_category":0,"footnotes":""},"categories":[21],"tags":[],"class_list":{"0":"post-906","1":"post","2":"type-post","3":"status-publish","4":"format-standard","5":"has-post-thumbnail","7":"category-galerija-fkk","8":"czr-hentry"},"_links":{"self":[{"href":"https:\/\/fotoklub-kamnik.si\/en\/wp-json\/wp\/v2\/posts\/906","targetHints":{"allow":["GET"]}}],"collection":[{"href":"https:\/\/fotoklub-kamnik.si\/en\/wp-json\/wp\/v2\/posts"}],"about":[{"href":"https:\/\/fotoklub-kamnik.si\/en\/wp-json\/wp\/v2\/types\/post"}],"author":[{"embeddable":true,"href":"https:\/\/fotoklub-kamnik.si\/en\/wp-json\/wp\/v2\/users\/2"}],"replies":[{"embeddable":true,"href":"https:\/\/fotoklub-kamnik.si\/en\/wp-json\/wp\/v2\/comments?post=906"}],"version-history":[{"count":2,"href":"https:\/\/fotoklub-kamnik.si\/en\/wp-json\/wp\/v2\/posts\/906\/revisions"}],"predecessor-version":[{"id":1251,"href":"https:\/\/fotoklub-kamnik.si\/en\/wp-json\/wp\/v2\/posts\/906\/revisions\/1251"}],"wp:featuredmedia":[{"embeddable":true,"href":"https:\/\/fotoklub-kamnik.si\/en\/wp-json\/wp\/v2\/media\/1250"}],"wp:attachment":[{"href":"https:\/\/fotoklub-kamnik.si\/en\/wp-json\/wp\/v2\/media?parent=906"}],"wp:term":[{"taxonomy":"category","embeddable":true,"href":"https:\/\/fotoklub-kamnik.si\/en\/wp-json\/wp\/v2\/categories?post=906"},{"taxonomy":"post_tag","embeddable":true,"href":"https:\/\/fotoklub-kamnik.si\/en\/wp-json\/wp\/v2\/tags?post=906"}],"curies":[{"name":"wp","href":"https:\/\/api.w.org\/{rel}","templated":true}]}}